{"id":828,"date":"2026-09-03T14:45:31","date_gmt":"2026-09-03T12:45:31","guid":{"rendered":"https:\/\/cortensteel.hu\/corten-acel-viragladak-az-idotallo-elegancia-a-kertben\/"},"modified":"2026-09-03T14:45:31","modified_gmt":"2026-09-03T12:45:31","slug":"corten-acel-viragladak-az-idotallo-elegancia-a-kertben","status":"publish","type":"post","link":"https:\/\/cortensteel.hu\/de\/corten-acel-viragladak-az-idotallo-elegancia-a-kertben\/","title":{"rendered":"Corten ac\u00e9l vir\u00e1gl\u00e1d\u00e1k: az id\u0151t\u00e1ll\u00f3 elegancia a kertben"},"content":{"rendered":"<p>A pr\u00e9mium corten ac\u00e9l vir\u00e1gl\u00e1d\u00e1k a modern kert\u00e9p\u00edt\u00e9szet egyik legkeresettebb eleme. Ezek a megold\u00e1sok ide\u00e1lis v\u00e1laszt\u00e1s azoknak, akik maradand\u00f3, st\u00edlusos megjelen\u00e9st szeretn\u00e9nek kialak\u00edtani. Az anyag term\u00e9szetes oxid\u00e1ci\u00f3s folyamata sor\u00e1n kialakul\u00f3 v\u00f6r\u00f6sbarna patinafel\u00fclet karaktert \u00e9s szem\u00e9lyis\u00e9get k\u00f6lcs\u00f6n\u00f6z b\u00e1rmely kertnek vagy terasznak. A Technoline \u00e1ltal k\u00edn\u00e1lt pr\u00e9mium corten vir\u00e1gl\u00e1d-kollekci\u00f3 teljesen testreszabhat\u00f3, m\u00e9reteit \u00e9s alakj\u00e1t az \u00d6n ig\u00e9nyei szerint alak\u00edthatjuk ki. Az ac\u00e9l megfelel\u0151en impregn\u00e1lt, ez\u00e9rt nem sz\u00fcks\u00e9ges speci\u00e1lis karbantart\u00e1s, mind\u00f6ssze id\u0151nk\u00e9nt tiszt\u00edt\u00e1s elegend\u0151. Ak\u00e1r klasszikus n\u00e9gyzetalakban, ak\u00e1r modern formatervez\u00e9s\u0171 v\u00e1ltozatban gondolkodunk, a corten anyag mindig eleg\u00e1ns \u00e9s professzion\u00e1lis hat\u00e1st ny\u00fajt. A vir\u00e1gl\u00e1d\u00e1k hossz\u00fa \u00e9lettartama \u00e9s eszt\u00e9tikai \u00e9rt\u00e9ke miatt befektet\u00e9sk\u00e9nt is tekinthet\u00fcnk r\u00e1juk, amely \u00e9vtizedek sor\u00e1n megt\u00e9r\u00fcl az ig\u00e9nyes k\u00fclsej\u00e9nek \u00e9s funkcionalit\u00e1s\u00e1nak r\u00e9v\u00e9n.<\/p>","protected":false},"excerpt":{"rendered":"<p>A corten ac\u00e9l vir\u00e1gl\u00e1d\u00e1k nem csup\u00e1n praktikus megold\u00e1sok, hanem igazi dekor\u00e1ci\u00f3s elemek, amelyek \u00e9vek m\u00falva is megtartj\u00e1k sz\u00e9ps\u00e9g\u00fcket. A rozsdamentes alapanyag garant\u00e1lja a tart\u00f3ss\u00e1got \u00e9s a term\u00e9szetes patin\u00e1z\u00f3d\u00e1s egyedi eszt\u00e9tik\u00e1j\u00e1t.<\/p>","protected":false},"author":0,"featured_media":0,"comment_status":"open","ping_status":"open","sticky":false,"template":"","format":"standard","meta":{"footnotes":""},"categories":[23],"tags":[],"class_list":["post-828","post","type-post","status-publish","format-standard","hentry","category-viragladak"],"yoast_head":"<!-- This site is optimized with the Yoast SEO Premium plugin v28.1 (Yoast SEO v28.1) - https:\/\/yoast.com\/product\/yoast-seo-premium-wordpress\/ -->\n<title>Corten ac\u00e9l vir\u00e1gl\u00e1d\u00e1k | Technoline Homlokzatrendszer<\/title>\n<meta name=\"description\" content=\"Pr\u00e9mium corten ac\u00e9l vir\u00e1gl\u00e1d\u00e1k id\u0151t\u00e1ll\u00f3 elegancia \u00e9s st\u00edlus a kerthez. Egyedi megold\u00e1sok a Technoline-t\u00f3l.\" \/>\n<meta name=\"robots\" content=\"index, follow, max-snippet:-1, max-image-preview:large, max-video-preview:-1\" \/>\n<link rel=\"canonical\" href=\"https:\/\/cortensteel.hu\/de\/corten-acel-viragladak-az-idotallo-elegancia-a-kertben\/\" \/>\n<meta property=\"og:locale\" content=\"de_DE\" \/>\n<meta property=\"og:type\" content=\"article\" \/>\n<meta property=\"og:title\" content=\"Corten ac\u00e9l vir\u00e1gl\u00e1d\u00e1k: az id\u0151t\u00e1ll\u00f3 elegancia a kertben\" \/>\n<meta property=\"og:description\" content=\"Pr\u00e9mium corten ac\u00e9l vir\u00e1gl\u00e1d\u00e1k id\u0151t\u00e1ll\u00f3 elegancia \u00e9s st\u00edlus a kerthez. Egyedi megold\u00e1sok a Technoline-t\u00f3l.\" \/>\n<meta property=\"og:url\" content=\"https:\/\/cortensteel.hu\/de\/corten-acel-viragladak-az-idotallo-elegancia-a-kertben\/\" \/>\n<meta property=\"og:site_name\" content=\"Technoline Homlokzatrendszer Kft.\" \/>\n<meta property=\"article:published_time\" content=\"2026-09-03T12:45:31+00:00\" \/>\n<meta name=\"twitter:card\" content=\"summary_large_image\" \/>\n<meta name=\"twitter:label1\" content=\"Gesch\u00e4tzte Lesezeit\" \/>\n\t<meta name=\"twitter:data1\" content=\"1\u00a0Minute\" \/>\n<script type=\"application\/ld+json\" class=\"yoast-schema-graph\">{\"@context\":\"https:\\\/\\\/schema.org\",\"@graph\":[{\"@type\":\"Article\",\"@id\":\"https:\\\/\\\/cortensteel.hu\\\/corten-acel-viragladak-az-idotallo-elegancia-a-kertben\\\/#article\",\"isPartOf\":{\"@id\":\"https:\\\/\\\/cortensteel.hu\\\/corten-acel-viragladak-az-idotallo-elegancia-a-kertben\\\/\"},\"author\":{\"name\":\"\",\"@id\":\"\"},\"headline\":\"Corten ac\u00e9l vir\u00e1gl\u00e1d\u00e1k: az id\u0151t\u00e1ll\u00f3 elegancia a kertben\",\"datePublished\":\"2026-09-03T12:45:31+00:00\",\"mainEntityOfPage\":{\"@id\":\"https:\\\/\\\/cortensteel.hu\\\/corten-acel-viragladak-az-idotallo-elegancia-a-kertben\\\/\"},\"wordCount\":203,\"commentCount\":0,\"publisher\":{\"@id\":\"https:\\\/\\\/cortensteel.hu\\\/#organization\"},\"articleSection\":[\"Vir\u00e1gl\u00e1d\u00e1k\"],\"inLanguage\":\"de\",\"potentialAction\":[{\"@type\":\"CommentAction\",\"name\":\"Comment\",\"target\":[\"https:\\\/\\\/cortensteel.hu\\\/corten-acel-viragladak-az-idotallo-elegancia-a-kertben\\\/#respond\"]}]},{\"@type\":\"WebPage\",\"@id\":\"https:\\\/\\\/cortensteel.hu\\\/corten-acel-viragladak-az-idotallo-elegancia-a-kertben\\\/\",\"url\":\"https:\\\/\\\/cortensteel.hu\\\/corten-acel-viragladak-az-idotallo-elegancia-a-kertben\\\/\",\"name\":\"Corten ac\u00e9l vir\u00e1gl\u00e1d\u00e1k | Technoline Homlokzatrendszer\",\"isPartOf\":{\"@id\":\"https:\\\/\\\/cortensteel.hu\\\/#website\"},\"datePublished\":\"2026-09-03T12:45:31+00:00\",\"description\":\"Pr\u00e9mium corten ac\u00e9l vir\u00e1gl\u00e1d\u00e1k id\u0151t\u00e1ll\u00f3 elegancia \u00e9s st\u00edlus a kerthez. Egyedi megold\u00e1sok a Technoline-t\u00f3l.\",\"breadcrumb\":{\"@id\":\"https:\\\/\\\/cortensteel.hu\\\/corten-acel-viragladak-az-idotallo-elegancia-a-kertben\\\/#breadcrumb\"},\"inLanguage\":\"de\",\"potentialAction\":[{\"@type\":\"ReadAction\",\"target\":[\"https:\\\/\\\/cortensteel.hu\\\/corten-acel-viragladak-az-idotallo-elegancia-a-kertben\\\/\"]}]},{\"@type\":\"BreadcrumbList\",\"@id\":\"https:\\\/\\\/cortensteel.hu\\\/corten-acel-viragladak-az-idotallo-elegancia-a-kertben\\\/#breadcrumb\",\"itemListElement\":[{\"@type\":\"ListItem\",\"position\":1,\"name\":\"Kezd\u0151lap\",\"item\":\"https:\\\/\\\/cortensteel.hu\\\/\"},{\"@type\":\"ListItem\",\"position\":2,\"name\":\"Corten ac\u00e9l vir\u00e1gl\u00e1d\u00e1k: az id\u0151t\u00e1ll\u00f3 elegancia a kertben\"}]},{\"@type\":\"WebSite\",\"@id\":\"https:\\\/\\\/cortensteel.hu\\\/#website\",\"url\":\"https:\\\/\\\/cortensteel.hu\\\/\",\"name\":\"Technoline Homlokzatrendszer Kft.\",\"description\":\"\",\"publisher\":{\"@id\":\"https:\\\/\\\/cortensteel.hu\\\/#organization\"},\"potentialAction\":[{\"@type\":\"SearchAction\",\"target\":{\"@type\":\"EntryPoint\",\"urlTemplate\":\"https:\\\/\\\/cortensteel.hu\\\/?s={search_term_string}\"},\"query-input\":{\"@type\":\"PropertyValueSpecification\",\"valueRequired\":true,\"valueName\":\"search_term_string\"}}],\"inLanguage\":\"de\"},{\"@type\":\"Organization\",\"@id\":\"https:\\\/\\\/cortensteel.hu\\\/#organization\",\"name\":\"Technoline Homlokzatrendszer Kft.\",\"url\":\"https:\\\/\\\/cortensteel.hu\\\/\",\"logo\":{\"@type\":\"ImageObject\",\"inLanguage\":\"de\",\"@id\":\"https:\\\/\\\/cortensteel.hu\\\/#\\\/schema\\\/logo\\\/image\\\/\",\"url\":\"https:\\\/\\\/cortensteel.hu\\\/wp-content\\\/uploads\\\/2026\\\/09\\\/logo_cortensteel_hu.png\",\"contentUrl\":\"https:\\\/\\\/cortensteel.hu\\\/wp-content\\\/uploads\\\/2026\\\/09\\\/logo_cortensteel_hu.png\",\"width\":2560,\"height\":2560,\"caption\":\"Technoline Homlokzatrendszer Kft.\"},\"image\":{\"@id\":\"https:\\\/\\\/cortensteel.hu\\\/#\\\/schema\\\/logo\\\/image\\\/\"}}]}<\/script>\n<!-- \/ Yoast SEO Premium plugin. -->","yoast_head_json":{"title":"Corten ac\u00e9l vir\u00e1gl\u00e1d\u00e1k | Technoline Homlokzatrendszer","description":"Pr\u00e9mium corten ac\u00e9l vir\u00e1gl\u00e1d\u00e1k id\u0151t\u00e1ll\u00f3 elegancia \u00e9s st\u00edlus a kerthez. Egyedi megold\u00e1sok a Technoline-t\u00f3l.","robots":{"index":"index","follow":"follow","max-snippet":"max-snippet:-1","max-image-preview":"max-image-preview:large","max-video-preview":"max-video-preview:-1"},"canonical":"https:\/\/cortensteel.hu\/de\/corten-acel-viragladak-az-idotallo-elegancia-a-kertben\/","og_locale":"de_DE","og_type":"article","og_title":"Corten ac\u00e9l vir\u00e1gl\u00e1d\u00e1k: az id\u0151t\u00e1ll\u00f3 elegancia a kertben","og_description":"Pr\u00e9mium corten ac\u00e9l vir\u00e1gl\u00e1d\u00e1k id\u0151t\u00e1ll\u00f3 elegancia \u00e9s st\u00edlus a kerthez. Egyedi megold\u00e1sok a Technoline-t\u00f3l.","og_url":"https:\/\/cortensteel.hu\/de\/corten-acel-viragladak-az-idotallo-elegancia-a-kertben\/","og_site_name":"Technoline Homlokzatrendszer Kft.","article_published_time":"2026-09-03T12:45:31+00:00","twitter_card":"summary_large_image","twitter_misc":{"Gesch\u00e4tzte Lesezeit":"1\u00a0Minute"},"schema":{"@context":"https:\/\/schema.org","@graph":[{"@type":"Article","@id":"https:\/\/cortensteel.hu\/corten-acel-viragladak-az-idotallo-elegancia-a-kertben\/#article","isPartOf":{"@id":"https:\/\/cortensteel.hu\/corten-acel-viragladak-az-idotallo-elegancia-a-kertben\/"},"author":{"name":"","@id":""},"headline":"Corten ac\u00e9l vir\u00e1gl\u00e1d\u00e1k: az id\u0151t\u00e1ll\u00f3 elegancia a kertben","datePublished":"2026-09-03T12:45:31+00:00","mainEntityOfPage":{"@id":"https:\/\/cortensteel.hu\/corten-acel-viragladak-az-idotallo-elegancia-a-kertben\/"},"wordCount":203,"commentCount":0,"publisher":{"@id":"https:\/\/cortensteel.hu\/#organization"},"articleSection":["Vir\u00e1gl\u00e1d\u00e1k"],"inLanguage":"de","potentialAction":[{"@type":"CommentAction","name":"Comment","target":["https:\/\/cortensteel.hu\/corten-acel-viragladak-az-idotallo-elegancia-a-kertben\/#respond"]}]},{"@type":"WebPage","@id":"https:\/\/cortensteel.hu\/corten-acel-viragladak-az-idotallo-elegancia-a-kertben\/","url":"https:\/\/cortensteel.hu\/corten-acel-viragladak-az-idotallo-elegancia-a-kertben\/","name":"Corten ac\u00e9l vir\u00e1gl\u00e1d\u00e1k | Technoline Homlokzatrendszer","isPartOf":{"@id":"https:\/\/cortensteel.hu\/#website"},"datePublished":"2026-09-03T12:45:31+00:00","description":"Pr\u00e9mium corten ac\u00e9l vir\u00e1gl\u00e1d\u00e1k id\u0151t\u00e1ll\u00f3 elegancia \u00e9s st\u00edlus a kerthez. Egyedi megold\u00e1sok a Technoline-t\u00f3l.","breadcrumb":{"@id":"https:\/\/cortensteel.hu\/corten-acel-viragladak-az-idotallo-elegancia-a-kertben\/#breadcrumb"},"inLanguage":"de","potentialAction":[{"@type":"ReadAction","target":["https:\/\/cortensteel.hu\/corten-acel-viragladak-az-idotallo-elegancia-a-kertben\/"]}]},{"@type":"BreadcrumbList","@id":"https:\/\/cortensteel.hu\/corten-acel-viragladak-az-idotallo-elegancia-a-kertben\/#breadcrumb","itemListElement":[{"@type":"ListItem","position":1,"name":"Kezd\u0151lap","item":"https:\/\/cortensteel.hu\/"},{"@type":"ListItem","position":2,"name":"Corten ac\u00e9l vir\u00e1gl\u00e1d\u00e1k: az id\u0151t\u00e1ll\u00f3 elegancia a kertben"}]},{"@type":"WebSite","@id":"https:\/\/cortensteel.hu\/#website","url":"https:\/\/cortensteel.hu\/","name":"Technoline Homlokzatrendszer Kft.","description":"","publisher":{"@id":"https:\/\/cortensteel.hu\/#organization"},"potentialAction":[{"@type":"SearchAction","target":{"@type":"EntryPoint","urlTemplate":"https:\/\/cortensteel.hu\/?s={search_term_string}"},"query-input":{"@type":"PropertyValueSpecification","valueRequired":true,"valueName":"search_term_string"}}],"inLanguage":"de"},{"@type":"Organization","@id":"https:\/\/cortensteel.hu\/#organization","name":"Technoline Homlokzatrendszer Kft.","url":"https:\/\/cortensteel.hu\/","logo":{"@type":"ImageObject","inLanguage":"de","@id":"https:\/\/cortensteel.hu\/#\/schema\/logo\/image\/","url":"https:\/\/cortensteel.hu\/wp-content\/uploads\/2026\/09\/logo_cortensteel_hu.png","contentUrl":"https:\/\/cortensteel.hu\/wp-content\/uploads\/2026\/09\/logo_cortensteel_hu.png","width":2560,"height":2560,"caption":"Technoline Homlokzatrendszer Kft."},"image":{"@id":"https:\/\/cortensteel.hu\/#\/schema\/logo\/image\/"}}]}},"_links":{"self":[{"href":"https:\/\/cortensteel.hu\/de\/wp-json\/wp\/v2\/posts\/828","targetHints":{"allow":["GET"]}}],"collection":[{"href":"https:\/\/cortensteel.hu\/de\/wp-json\/wp\/v2\/posts"}],"about":[{"href":"https:\/\/cortensteel.hu\/de\/wp-json\/wp\/v2\/types\/post"}],"replies":[{"embeddable":true,"href":"https:\/\/cortensteel.hu\/de\/wp-json\/wp\/v2\/comments?post=828"}],"version-history":[{"count":0,"href":"https:\/\/cortensteel.hu\/de\/wp-json\/wp\/v2\/posts\/828\/revisions"}],"wp:attachment":[{"href":"https:\/\/cortensteel.hu\/de\/wp-json\/wp\/v2\/media?parent=828"}],"wp:term":[{"taxonomy":"category","embeddable":true,"href":"https:\/\/cortensteel.hu\/de\/wp-json\/wp\/v2\/categories?post=828"},{"taxonomy":"post_tag","embeddable":true,"href":"https:\/\/cortensteel.hu\/de\/wp-json\/wp\/v2\/tags?post=828"}],"curies":[{"name":"wp","href":"https:\/\/api.w.org\/{rel}","templated":true}]}}