{"id":829,"date":"2026-09-03T14:45:32","date_gmt":"2026-09-03T12:45:32","guid":{"rendered":"https:\/\/cortensteel.hu\/kerti-lampak-corten-acelbol-feny-es-stilus-egy-megoldasban\/"},"modified":"2026-09-03T14:45:32","modified_gmt":"2026-09-03T12:45:32","slug":"kerti-lampak-corten-acelbol-feny-es-stilus-egy-megoldasban","status":"publish","type":"post","link":"https:\/\/cortensteel.hu\/de\/kerti-lampak-corten-acelbol-feny-es-stilus-egy-megoldasban\/","title":{"rendered":"Kerti l\u00e1mp\u00e1k corten ac\u00e9lb\u00f3l: f\u00e9ny \u00e9s st\u00edlus egy megold\u00e1sban"},"content":{"rendered":"<p>A kerti l\u00e1mp\u00e1k vil\u00e1g\u00edt\u00e1sa nem csup\u00e1n funkci\u00f3r\u00f3l sz\u00f3l, hanem az eg\u00e9sz terek hangulat\u00e1nak kialak\u00edt\u00e1s\u00e1r\u00f3l. A corten ac\u00e9l anyagb\u00f3l k\u00e9sz\u00fclt l\u00e1mpates egyedi karaktert visz az \u00e9jszakai kertbe, mik\u00f6zben a LED technol\u00f3gi\u00e1val kombin\u00e1lva energiahat\u00e9kony \u00e9s hossz\u00fa \u00e9lettartam\u00fa megold\u00e1st ny\u00fajt. A Technoline Homlokzatrendszer Kft. \u00e1ltal tervezett corten kerti l\u00e1mp\u00e1k k\u00fcl\u00f6nf\u00e9le st\u00edlusban \u00e9rhet\u0151ek el, a minimalist diz\u00e1jnt\u00f3l a klasszikus form\u00e1kig. Az anyag term\u00e9szetes p\u00e1tin\u00e1z\u00f3d\u00e1sa miatt minden l\u00e1mpa egyedi, id\u0151vel csak szebben n\u00e9z ki. Az egyedi c\u00e9gt\u00e1bl\u00e1khoz hasonl\u00f3an ezek a l\u00e1mp\u00e1k is k\u00e9pesek meghat\u00e1rozni egy hely karakter\u00e9t \u00e9s professzion\u00e1lis megjelen\u00e9sre utalnak. V\u00e1laszthat\u00f3 a fali szerel\u00e9s, a talajra helyez\u00e9s vagy f\u00fcggesztett kivitel, \u00edgy szinte minden kialak\u00edt\u00e1si sz\u00e1nd\u00e9khoz alkalmazhat\u00f3. A corten ac\u00e9l UV \u00e9s id\u0151j\u00e1r\u00e1si t\u00e9nyez\u0151kkel szemben stabil, \u00edgy a l\u00e1mpatesek garant\u00e1ltan tart\u00f3sak maradnak.<\/p>","protected":false},"excerpt":{"rendered":"<p>A corten ac\u00e9l kerti l\u00e1mp\u00e1k kifejez\u0151 \u00e9s modern megold\u00e1st k\u00edn\u00e1lnak az udvar megvil\u00e1g\u00edt\u00e1s\u00e1ra. Az egyedi formatervez\u00e9s \u00e9s a term\u00e9szetes patina kombin\u00e1ci\u00f3ja k\u00fcl\u00f6nleges atmoszf\u00e9r\u00e1t teremt.<\/p>","protected":false},"author":0,"featured_media":0,"comment_status":"open","ping_status":"open","sticky":false,"template":"","format":"standard","meta":{"footnotes":""},"categories":[24],"tags":[],"class_list":["post-829","post","type-post","status-publish","format-standard","hentry","category-kerti-lampak"],"yoast_head":"<!-- This site is optimized with the Yoast SEO Premium plugin v28.1 (Yoast SEO v28.1) - https:\/\/yoast.com\/product\/yoast-seo-premium-wordpress\/ -->\n<title>Kerti l\u00e1mp\u00e1k corten ac\u00e9lb\u00f3l | Technoline Homlokzatrendszer<\/title>\n<meta name=\"description\" content=\"Pr\u00e9mium kerti l\u00e1mp\u00e1k corten ac\u00e9lb\u00f3l. Id\u0151t\u00e1ll\u00f3, rozsdamentes megold\u00e1sok, amelyek st\u00edlust \u00e9s funkci\u00f3t egyes\u00edtenek. Egyedi tervez\u00e9s, professzion\u00e1lis kivitelez\u00e9s.\" \/>\n<meta name=\"robots\" content=\"index, follow, max-snippet:-1, max-image-preview:large, max-video-preview:-1\" \/>\n<link rel=\"canonical\" href=\"https:\/\/cortensteel.hu\/de\/kerti-lampak-corten-acelbol-feny-es-stilus-egy-megoldasban\/\" \/>\n<meta property=\"og:locale\" content=\"de_DE\" \/>\n<meta property=\"og:type\" content=\"article\" \/>\n<meta property=\"og:title\" content=\"Kerti l\u00e1mp\u00e1k corten ac\u00e9lb\u00f3l: f\u00e9ny \u00e9s st\u00edlus egy megold\u00e1sban\" \/>\n<meta property=\"og:description\" content=\"Pr\u00e9mium kerti l\u00e1mp\u00e1k corten ac\u00e9lb\u00f3l. Id\u0151t\u00e1ll\u00f3, rozsdamentes megold\u00e1sok, amelyek st\u00edlust \u00e9s funkci\u00f3t egyes\u00edtenek. Egyedi tervez\u00e9s, professzion\u00e1lis kivitelez\u00e9s.\" \/>\n<meta property=\"og:url\" content=\"https:\/\/cortensteel.hu\/de\/kerti-lampak-corten-acelbol-feny-es-stilus-egy-megoldasban\/\" \/>\n<meta property=\"og:site_name\" content=\"Technoline Homlokzatrendszer Kft.\" \/>\n<meta property=\"article:published_time\" content=\"2026-09-03T12:45:32+00:00\" \/>\n<meta name=\"twitter:card\" content=\"summary_large_image\" \/>\n<meta name=\"twitter:label1\" content=\"Gesch\u00e4tzte Lesezeit\" \/>\n\t<meta name=\"twitter:data1\" content=\"1\u00a0Minute\" \/>\n<script type=\"application\/ld+json\" class=\"yoast-schema-graph\">{\"@context\":\"https:\\\/\\\/schema.org\",\"@graph\":[{\"@type\":\"Article\",\"@id\":\"https:\\\/\\\/cortensteel.hu\\\/kerti-lampak-corten-acelbol-feny-es-stilus-egy-megoldasban\\\/#article\",\"isPartOf\":{\"@id\":\"https:\\\/\\\/cortensteel.hu\\\/kerti-lampak-corten-acelbol-feny-es-stilus-egy-megoldasban\\\/\"},\"author\":{\"name\":\"\",\"@id\":\"\"},\"headline\":\"Kerti l\u00e1mp\u00e1k corten ac\u00e9lb\u00f3l: f\u00e9ny \u00e9s st\u00edlus egy megold\u00e1sban\",\"datePublished\":\"2026-09-03T12:45:32+00:00\",\"mainEntityOfPage\":{\"@id\":\"https:\\\/\\\/cortensteel.hu\\\/kerti-lampak-corten-acelbol-feny-es-stilus-egy-megoldasban\\\/\"},\"wordCount\":206,\"commentCount\":0,\"publisher\":{\"@id\":\"https:\\\/\\\/cortensteel.hu\\\/#organization\"},\"articleSection\":[\"Kerti l\u00e1mp\u00e1k\"],\"inLanguage\":\"de\",\"potentialAction\":[{\"@type\":\"CommentAction\",\"name\":\"Comment\",\"target\":[\"https:\\\/\\\/cortensteel.hu\\\/kerti-lampak-corten-acelbol-feny-es-stilus-egy-megoldasban\\\/#respond\"]}]},{\"@type\":\"WebPage\",\"@id\":\"https:\\\/\\\/cortensteel.hu\\\/kerti-lampak-corten-acelbol-feny-es-stilus-egy-megoldasban\\\/\",\"url\":\"https:\\\/\\\/cortensteel.hu\\\/kerti-lampak-corten-acelbol-feny-es-stilus-egy-megoldasban\\\/\",\"name\":\"Kerti l\u00e1mp\u00e1k corten ac\u00e9lb\u00f3l | Technoline Homlokzatrendszer\",\"isPartOf\":{\"@id\":\"https:\\\/\\\/cortensteel.hu\\\/#website\"},\"datePublished\":\"2026-09-03T12:45:32+00:00\",\"description\":\"Pr\u00e9mium kerti l\u00e1mp\u00e1k corten ac\u00e9lb\u00f3l. Id\u0151t\u00e1ll\u00f3, rozsdamentes megold\u00e1sok, amelyek st\u00edlust \u00e9s funkci\u00f3t egyes\u00edtenek. Egyedi tervez\u00e9s, professzion\u00e1lis kivitelez\u00e9s.\",\"breadcrumb\":{\"@id\":\"https:\\\/\\\/cortensteel.hu\\\/kerti-lampak-corten-acelbol-feny-es-stilus-egy-megoldasban\\\/#breadcrumb\"},\"inLanguage\":\"de\",\"potentialAction\":[{\"@type\":\"ReadAction\",\"target\":[\"https:\\\/\\\/cortensteel.hu\\\/kerti-lampak-corten-acelbol-feny-es-stilus-egy-megoldasban\\\/\"]}]},{\"@type\":\"BreadcrumbList\",\"@id\":\"https:\\\/\\\/cortensteel.hu\\\/kerti-lampak-corten-acelbol-feny-es-stilus-egy-megoldasban\\\/#breadcrumb\",\"itemListElement\":[{\"@type\":\"ListItem\",\"position\":1,\"name\":\"Kezd\u0151lap\",\"item\":\"https:\\\/\\\/cortensteel.hu\\\/\"},{\"@type\":\"ListItem\",\"position\":2,\"name\":\"Kerti l\u00e1mp\u00e1k corten ac\u00e9lb\u00f3l: f\u00e9ny \u00e9s st\u00edlus egy megold\u00e1sban\"}]},{\"@type\":\"WebSite\",\"@id\":\"https:\\\/\\\/cortensteel.hu\\\/#website\",\"url\":\"https:\\\/\\\/cortensteel.hu\\\/\",\"name\":\"Technoline Homlokzatrendszer Kft.\",\"description\":\"\",\"publisher\":{\"@id\":\"https:\\\/\\\/cortensteel.hu\\\/#organization\"},\"potentialAction\":[{\"@type\":\"SearchAction\",\"target\":{\"@type\":\"EntryPoint\",\"urlTemplate\":\"https:\\\/\\\/cortensteel.hu\\\/?s={search_term_string}\"},\"query-input\":{\"@type\":\"PropertyValueSpecification\",\"valueRequired\":true,\"valueName\":\"search_term_string\"}}],\"inLanguage\":\"de\"},{\"@type\":\"Organization\",\"@id\":\"https:\\\/\\\/cortensteel.hu\\\/#organization\",\"name\":\"Technoline Homlokzatrendszer Kft.\",\"url\":\"https:\\\/\\\/cortensteel.hu\\\/\",\"logo\":{\"@type\":\"ImageObject\",\"inLanguage\":\"de\",\"@id\":\"https:\\\/\\\/cortensteel.hu\\\/#\\\/schema\\\/logo\\\/image\\\/\",\"url\":\"https:\\\/\\\/cortensteel.hu\\\/wp-content\\\/uploads\\\/2026\\\/09\\\/logo_cortensteel_hu.png\",\"contentUrl\":\"https:\\\/\\\/cortensteel.hu\\\/wp-content\\\/uploads\\\/2026\\\/09\\\/logo_cortensteel_hu.png\",\"width\":2560,\"height\":2560,\"caption\":\"Technoline Homlokzatrendszer Kft.\"},\"image\":{\"@id\":\"https:\\\/\\\/cortensteel.hu\\\/#\\\/schema\\\/logo\\\/image\\\/\"}}]}<\/script>\n<!-- \/ Yoast SEO Premium plugin. -->","yoast_head_json":{"title":"Kerti l\u00e1mp\u00e1k corten ac\u00e9lb\u00f3l | Technoline Homlokzatrendszer","description":"Pr\u00e9mium kerti l\u00e1mp\u00e1k corten ac\u00e9lb\u00f3l. Id\u0151t\u00e1ll\u00f3, rozsdamentes megold\u00e1sok, amelyek st\u00edlust \u00e9s funkci\u00f3t egyes\u00edtenek. Egyedi tervez\u00e9s, professzion\u00e1lis kivitelez\u00e9s.","robots":{"index":"index","follow":"follow","max-snippet":"max-snippet:-1","max-image-preview":"max-image-preview:large","max-video-preview":"max-video-preview:-1"},"canonical":"https:\/\/cortensteel.hu\/de\/kerti-lampak-corten-acelbol-feny-es-stilus-egy-megoldasban\/","og_locale":"de_DE","og_type":"article","og_title":"Kerti l\u00e1mp\u00e1k corten ac\u00e9lb\u00f3l: f\u00e9ny \u00e9s st\u00edlus egy megold\u00e1sban","og_description":"Pr\u00e9mium kerti l\u00e1mp\u00e1k corten ac\u00e9lb\u00f3l. Id\u0151t\u00e1ll\u00f3, rozsdamentes megold\u00e1sok, amelyek st\u00edlust \u00e9s funkci\u00f3t egyes\u00edtenek. Egyedi tervez\u00e9s, professzion\u00e1lis kivitelez\u00e9s.","og_url":"https:\/\/cortensteel.hu\/de\/kerti-lampak-corten-acelbol-feny-es-stilus-egy-megoldasban\/","og_site_name":"Technoline Homlokzatrendszer Kft.","article_published_time":"2026-09-03T12:45:32+00:00","twitter_card":"summary_large_image","twitter_misc":{"Gesch\u00e4tzte Lesezeit":"1\u00a0Minute"},"schema":{"@context":"https:\/\/schema.org","@graph":[{"@type":"Article","@id":"https:\/\/cortensteel.hu\/kerti-lampak-corten-acelbol-feny-es-stilus-egy-megoldasban\/#article","isPartOf":{"@id":"https:\/\/cortensteel.hu\/kerti-lampak-corten-acelbol-feny-es-stilus-egy-megoldasban\/"},"author":{"name":"","@id":""},"headline":"Kerti l\u00e1mp\u00e1k corten ac\u00e9lb\u00f3l: f\u00e9ny \u00e9s st\u00edlus egy megold\u00e1sban","datePublished":"2026-09-03T12:45:32+00:00","mainEntityOfPage":{"@id":"https:\/\/cortensteel.hu\/kerti-lampak-corten-acelbol-feny-es-stilus-egy-megoldasban\/"},"wordCount":206,"commentCount":0,"publisher":{"@id":"https:\/\/cortensteel.hu\/#organization"},"articleSection":["Kerti l\u00e1mp\u00e1k"],"inLanguage":"de","potentialAction":[{"@type":"CommentAction","name":"Comment","target":["https:\/\/cortensteel.hu\/kerti-lampak-corten-acelbol-feny-es-stilus-egy-megoldasban\/#respond"]}]},{"@type":"WebPage","@id":"https:\/\/cortensteel.hu\/kerti-lampak-corten-acelbol-feny-es-stilus-egy-megoldasban\/","url":"https:\/\/cortensteel.hu\/kerti-lampak-corten-acelbol-feny-es-stilus-egy-megoldasban\/","name":"Kerti l\u00e1mp\u00e1k corten ac\u00e9lb\u00f3l | Technoline Homlokzatrendszer","isPartOf":{"@id":"https:\/\/cortensteel.hu\/#website"},"datePublished":"2026-09-03T12:45:32+00:00","description":"Pr\u00e9mium kerti l\u00e1mp\u00e1k corten ac\u00e9lb\u00f3l. Id\u0151t\u00e1ll\u00f3, rozsdamentes megold\u00e1sok, amelyek st\u00edlust \u00e9s funkci\u00f3t egyes\u00edtenek. Egyedi tervez\u00e9s, professzion\u00e1lis kivitelez\u00e9s.","breadcrumb":{"@id":"https:\/\/cortensteel.hu\/kerti-lampak-corten-acelbol-feny-es-stilus-egy-megoldasban\/#breadcrumb"},"inLanguage":"de","potentialAction":[{"@type":"ReadAction","target":["https:\/\/cortensteel.hu\/kerti-lampak-corten-acelbol-feny-es-stilus-egy-megoldasban\/"]}]},{"@type":"BreadcrumbList","@id":"https:\/\/cortensteel.hu\/kerti-lampak-corten-acelbol-feny-es-stilus-egy-megoldasban\/#breadcrumb","itemListElement":[{"@type":"ListItem","position":1,"name":"Kezd\u0151lap","item":"https:\/\/cortensteel.hu\/"},{"@type":"ListItem","position":2,"name":"Kerti l\u00e1mp\u00e1k corten ac\u00e9lb\u00f3l: f\u00e9ny \u00e9s st\u00edlus egy megold\u00e1sban"}]},{"@type":"WebSite","@id":"https:\/\/cortensteel.hu\/#website","url":"https:\/\/cortensteel.hu\/","name":"Technoline Homlokzatrendszer Kft.","description":"","publisher":{"@id":"https:\/\/cortensteel.hu\/#organization"},"potentialAction":[{"@type":"SearchAction","target":{"@type":"EntryPoint","urlTemplate":"https:\/\/cortensteel.hu\/?s={search_term_string}"},"query-input":{"@type":"PropertyValueSpecification","valueRequired":true,"valueName":"search_term_string"}}],"inLanguage":"de"},{"@type":"Organization","@id":"https:\/\/cortensteel.hu\/#organization","name":"Technoline Homlokzatrendszer Kft.","url":"https:\/\/cortensteel.hu\/","logo":{"@type":"ImageObject","inLanguage":"de","@id":"https:\/\/cortensteel.hu\/#\/schema\/logo\/image\/","url":"https:\/\/cortensteel.hu\/wp-content\/uploads\/2026\/09\/logo_cortensteel_hu.png","contentUrl":"https:\/\/cortensteel.hu\/wp-content\/uploads\/2026\/09\/logo_cortensteel_hu.png","width":2560,"height":2560,"caption":"Technoline Homlokzatrendszer Kft."},"image":{"@id":"https:\/\/cortensteel.hu\/#\/schema\/logo\/image\/"}}]}},"_links":{"self":[{"href":"https:\/\/cortensteel.hu\/de\/wp-json\/wp\/v2\/posts\/829","targetHints":{"allow":["GET"]}}],"collection":[{"href":"https:\/\/cortensteel.hu\/de\/wp-json\/wp\/v2\/posts"}],"about":[{"href":"https:\/\/cortensteel.hu\/de\/wp-json\/wp\/v2\/types\/post"}],"replies":[{"embeddable":true,"href":"https:\/\/cortensteel.hu\/de\/wp-json\/wp\/v2\/comments?post=829"}],"version-history":[{"count":0,"href":"https:\/\/cortensteel.hu\/de\/wp-json\/wp\/v2\/posts\/829\/revisions"}],"wp:attachment":[{"href":"https:\/\/cortensteel.hu\/de\/wp-json\/wp\/v2\/media?parent=829"}],"wp:term":[{"taxonomy":"category","embeddable":true,"href":"https:\/\/cortensteel.hu\/de\/wp-json\/wp\/v2\/categories?post=829"},{"taxonomy":"post_tag","embeddable":true,"href":"https:\/\/cortensteel.hu\/de\/wp-json\/wp\/v2\/tags?post=829"}],"curies":[{"name":"wp","href":"https:\/\/api.w.org\/{rel}","templated":true}]}}