{"id":832,"date":"2026-09-03T14:45:35","date_gmt":"2026-09-03T12:45:35","guid":{"rendered":"https:\/\/cortensteel.hu\/fali-dekoraciok-corten-acelbol-haztartasi-muveszet-es-minimalista-design\/"},"modified":"2026-09-03T14:45:35","modified_gmt":"2026-09-03T12:45:35","slug":"fali-dekoraciok-corten-acelbol-haztartasi-muveszet-es-minimalista-design","status":"publish","type":"post","link":"https:\/\/cortensteel.hu\/de\/fali-dekoraciok-corten-acelbol-haztartasi-muveszet-es-minimalista-design\/","title":{"rendered":"Fali dekor\u00e1ci\u00f3k corten ac\u00e9lb\u00f3l: h\u00e1ztart\u00e1si m\u0171v\u00e9szet \u00e9s minimalista design"},"content":{"rendered":"<p>A fali dekor\u00e1ci\u00f3k a t\u00e9r szem\u00e9lyis\u00e9g\u00e9nek kifejez\u00e9s\u00e9nek legk\u00f6zvetlen m\u00f3dja. A corten ac\u00e9lb\u00f3l k\u00e9sz\u00fclt fali elemek nem csup\u00e1n d\u00edszek, hanem a k\u00fclt\u00e9ri vagy belt\u00e9ri terek t\u00f6rt\u00e9net\u00e9t mes\u00e9l\u0151 r\u00e9szletek. A Technoline \u00e1ltal tervezett pr\u00e9mium corten falidekor\u00e1ci\u00f3k absztrakt mint\u00e1kt\u00f3l az geometrikus form\u00e1kon \u00e1t a figur\u00e1lis megjelen\u00edt\u00e9sig terjedhetnek, mindig az egyedi ig\u00e9nyek alapj\u00e1n. Az ac\u00e9l anyag term\u00e9szetes patin\u00e1z\u00f3d\u00e1sa miatt minden nap m\u00e1sk\u00e9pp n\u00e9z ki az adott install\u00e1ci\u00f3, att\u00f3l f\u00fcgg\u0151en, hogy milyen az id\u0151j\u00e1r\u00e1s \u00e9s a f\u00e9ny. A rozsdamentes corten nem ig\u00e9nyel k\u00fcl\u00f6n\u00f6sebb karbantart\u00e1st, puszt\u00e1n tiszt\u00edt\u00e1s sz\u00fcks\u00e9ges alkalmank\u00e9nt. Az ilyen falidekor\u00e1ci\u00f3k k\u00fcl\u00f6n\u00f6sen j\u00f3l mutatnak k\u00f6zint\u00e9zm\u00e9nyek el\u0151tt, iroda\u00e9p\u00fcleteken vagy preszt\u00edzs lak\u00f3\u00e9p\u00fcleteken. A fali dekor\u00e1ci\u00f3k egyedi m\u00e9retekben \u00e9s form\u00e1kban megval\u00f3s\u00edthat\u00f3k, \u00edgy szinte b\u00e1rmilyen \u00e9p\u00edt\u00e9szeti st\u00edlushoz alkalmazhat\u00f3k, a minimalizmus mellett az art deco vagy a kort\u00e1rs ir\u00e1nyzatokhoz is.<\/p>","protected":false},"excerpt":{"rendered":"<p>A corten ac\u00e9l falidekor\u00e1ci\u00f3k modern \u00e9s tradicion\u00e1lis st\u00edlusok k\u00f6z\u00f6tti t\u00f6k\u00e9letes egyens\u00falyt teremtik meg. Ezek az install\u00e1ci\u00f3k szerkezeti eleganci\u00e1t \u00e9s id\u0151t\u00e1ll\u00f3 sz\u00e9ps\u00e9get hoznak az \u00e9p\u00fcletek homlokzat\u00e1ra \u00e9s belt\u00e9ri terekeire.<\/p>","protected":false},"author":0,"featured_media":0,"comment_status":"open","ping_status":"open","sticky":false,"template":"","format":"standard","meta":{"footnotes":""},"categories":[27],"tags":[],"class_list":["post-832","post","type-post","status-publish","format-standard","hentry","category-fali-dekoraciok"],"yoast_head":"<!-- This site is optimized with the Yoast SEO Premium plugin v28.1 (Yoast SEO v28.1) - https:\/\/yoast.com\/product\/yoast-seo-premium-wordpress\/ -->\n<title>Corten Ac\u00e9l Fali Dekor\u00e1ci\u00f3k | Technoline Homlokzatrendszer<\/title>\n<meta name=\"description\" content=\"Pr\u00e9mium corten ac\u00e9l fali dekor\u00e1ci\u00f3k, egyedi m\u0171v\u00e9szeti \u00e9s minimalista design megold\u00e1sok. Id\u0151t\u00e1ll\u00f3, rozsdamint\u00e1s homlokzati elemek otthon\u00e1hoz.\" \/>\n<meta name=\"robots\" content=\"index, follow, max-snippet:-1, max-image-preview:large, max-video-preview:-1\" \/>\n<link rel=\"canonical\" href=\"https:\/\/cortensteel.hu\/de\/fali-dekoraciok-corten-acelbol-haztartasi-muveszet-es-minimalista-design\/\" \/>\n<meta property=\"og:locale\" content=\"de_DE\" \/>\n<meta property=\"og:type\" content=\"article\" \/>\n<meta property=\"og:title\" content=\"Fali dekor\u00e1ci\u00f3k corten ac\u00e9lb\u00f3l: h\u00e1ztart\u00e1si m\u0171v\u00e9szet \u00e9s minimalista design\" \/>\n<meta property=\"og:description\" content=\"Pr\u00e9mium corten ac\u00e9l fali dekor\u00e1ci\u00f3k, egyedi m\u0171v\u00e9szeti \u00e9s minimalista design megold\u00e1sok. Id\u0151t\u00e1ll\u00f3, rozsdamint\u00e1s homlokzati elemek otthon\u00e1hoz.\" \/>\n<meta property=\"og:url\" content=\"https:\/\/cortensteel.hu\/de\/fali-dekoraciok-corten-acelbol-haztartasi-muveszet-es-minimalista-design\/\" \/>\n<meta property=\"og:site_name\" content=\"Technoline Homlokzatrendszer Kft.\" \/>\n<meta property=\"article:published_time\" content=\"2026-09-03T12:45:35+00:00\" \/>\n<meta name=\"twitter:card\" content=\"summary_large_image\" \/>\n<meta name=\"twitter:label1\" content=\"Gesch\u00e4tzte Lesezeit\" \/>\n\t<meta name=\"twitter:data1\" content=\"1\u00a0Minute\" \/>\n<script type=\"application\/ld+json\" class=\"yoast-schema-graph\">{\"@context\":\"https:\\\/\\\/schema.org\",\"@graph\":[{\"@type\":\"Article\",\"@id\":\"https:\\\/\\\/cortensteel.hu\\\/fali-dekoraciok-corten-acelbol-haztartasi-muveszet-es-minimalista-design\\\/#article\",\"isPartOf\":{\"@id\":\"https:\\\/\\\/cortensteel.hu\\\/fali-dekoraciok-corten-acelbol-haztartasi-muveszet-es-minimalista-design\\\/\"},\"author\":{\"name\":\"\",\"@id\":\"\"},\"headline\":\"Fali dekor\u00e1ci\u00f3k corten ac\u00e9lb\u00f3l: h\u00e1ztart\u00e1si m\u0171v\u00e9szet \u00e9s minimalista design\",\"datePublished\":\"2026-09-03T12:45:35+00:00\",\"mainEntityOfPage\":{\"@id\":\"https:\\\/\\\/cortensteel.hu\\\/fali-dekoraciok-corten-acelbol-haztartasi-muveszet-es-minimalista-design\\\/\"},\"wordCount\":228,\"commentCount\":0,\"publisher\":{\"@id\":\"https:\\\/\\\/cortensteel.hu\\\/#organization\"},\"articleSection\":[\"Fali dekor\u00e1ci\u00f3k\"],\"inLanguage\":\"de\",\"potentialAction\":[{\"@type\":\"CommentAction\",\"name\":\"Comment\",\"target\":[\"https:\\\/\\\/cortensteel.hu\\\/fali-dekoraciok-corten-acelbol-haztartasi-muveszet-es-minimalista-design\\\/#respond\"]}]},{\"@type\":\"WebPage\",\"@id\":\"https:\\\/\\\/cortensteel.hu\\\/fali-dekoraciok-corten-acelbol-haztartasi-muveszet-es-minimalista-design\\\/\",\"url\":\"https:\\\/\\\/cortensteel.hu\\\/fali-dekoraciok-corten-acelbol-haztartasi-muveszet-es-minimalista-design\\\/\",\"name\":\"Corten Ac\u00e9l Fali Dekor\u00e1ci\u00f3k | Technoline Homlokzatrendszer\",\"isPartOf\":{\"@id\":\"https:\\\/\\\/cortensteel.hu\\\/#website\"},\"datePublished\":\"2026-09-03T12:45:35+00:00\",\"description\":\"Pr\u00e9mium corten ac\u00e9l fali dekor\u00e1ci\u00f3k, egyedi m\u0171v\u00e9szeti \u00e9s minimalista design megold\u00e1sok. Id\u0151t\u00e1ll\u00f3, rozsdamint\u00e1s homlokzati elemek otthon\u00e1hoz.\",\"breadcrumb\":{\"@id\":\"https:\\\/\\\/cortensteel.hu\\\/fali-dekoraciok-corten-acelbol-haztartasi-muveszet-es-minimalista-design\\\/#breadcrumb\"},\"inLanguage\":\"de\",\"potentialAction\":[{\"@type\":\"ReadAction\",\"target\":[\"https:\\\/\\\/cortensteel.hu\\\/fali-dekoraciok-corten-acelbol-haztartasi-muveszet-es-minimalista-design\\\/\"]}]},{\"@type\":\"BreadcrumbList\",\"@id\":\"https:\\\/\\\/cortensteel.hu\\\/fali-dekoraciok-corten-acelbol-haztartasi-muveszet-es-minimalista-design\\\/#breadcrumb\",\"itemListElement\":[{\"@type\":\"ListItem\",\"position\":1,\"name\":\"Kezd\u0151lap\",\"item\":\"https:\\\/\\\/cortensteel.hu\\\/\"},{\"@type\":\"ListItem\",\"position\":2,\"name\":\"Fali dekor\u00e1ci\u00f3k corten ac\u00e9lb\u00f3l: h\u00e1ztart\u00e1si m\u0171v\u00e9szet \u00e9s minimalista design\"}]},{\"@type\":\"WebSite\",\"@id\":\"https:\\\/\\\/cortensteel.hu\\\/#website\",\"url\":\"https:\\\/\\\/cortensteel.hu\\\/\",\"name\":\"Technoline Homlokzatrendszer Kft.\",\"description\":\"\",\"publisher\":{\"@id\":\"https:\\\/\\\/cortensteel.hu\\\/#organization\"},\"potentialAction\":[{\"@type\":\"SearchAction\",\"target\":{\"@type\":\"EntryPoint\",\"urlTemplate\":\"https:\\\/\\\/cortensteel.hu\\\/?s={search_term_string}\"},\"query-input\":{\"@type\":\"PropertyValueSpecification\",\"valueRequired\":true,\"valueName\":\"search_term_string\"}}],\"inLanguage\":\"de\"},{\"@type\":\"Organization\",\"@id\":\"https:\\\/\\\/cortensteel.hu\\\/#organization\",\"name\":\"Technoline Homlokzatrendszer Kft.\",\"url\":\"https:\\\/\\\/cortensteel.hu\\\/\",\"logo\":{\"@type\":\"ImageObject\",\"inLanguage\":\"de\",\"@id\":\"https:\\\/\\\/cortensteel.hu\\\/#\\\/schema\\\/logo\\\/image\\\/\",\"url\":\"https:\\\/\\\/cortensteel.hu\\\/wp-content\\\/uploads\\\/2026\\\/09\\\/logo_cortensteel_hu.png\",\"contentUrl\":\"https:\\\/\\\/cortensteel.hu\\\/wp-content\\\/uploads\\\/2026\\\/09\\\/logo_cortensteel_hu.png\",\"width\":2560,\"height\":2560,\"caption\":\"Technoline Homlokzatrendszer Kft.\"},\"image\":{\"@id\":\"https:\\\/\\\/cortensteel.hu\\\/#\\\/schema\\\/logo\\\/image\\\/\"}}]}<\/script>\n<!-- \/ Yoast SEO Premium plugin. -->","yoast_head_json":{"title":"Corten Ac\u00e9l Fali Dekor\u00e1ci\u00f3k | Technoline Homlokzatrendszer","description":"Pr\u00e9mium corten ac\u00e9l fali dekor\u00e1ci\u00f3k, egyedi m\u0171v\u00e9szeti \u00e9s minimalista design megold\u00e1sok. Id\u0151t\u00e1ll\u00f3, rozsdamint\u00e1s homlokzati elemek otthon\u00e1hoz.","robots":{"index":"index","follow":"follow","max-snippet":"max-snippet:-1","max-image-preview":"max-image-preview:large","max-video-preview":"max-video-preview:-1"},"canonical":"https:\/\/cortensteel.hu\/de\/fali-dekoraciok-corten-acelbol-haztartasi-muveszet-es-minimalista-design\/","og_locale":"de_DE","og_type":"article","og_title":"Fali dekor\u00e1ci\u00f3k corten ac\u00e9lb\u00f3l: h\u00e1ztart\u00e1si m\u0171v\u00e9szet \u00e9s minimalista design","og_description":"Pr\u00e9mium corten ac\u00e9l fali dekor\u00e1ci\u00f3k, egyedi m\u0171v\u00e9szeti \u00e9s minimalista design megold\u00e1sok. Id\u0151t\u00e1ll\u00f3, rozsdamint\u00e1s homlokzati elemek otthon\u00e1hoz.","og_url":"https:\/\/cortensteel.hu\/de\/fali-dekoraciok-corten-acelbol-haztartasi-muveszet-es-minimalista-design\/","og_site_name":"Technoline Homlokzatrendszer Kft.","article_published_time":"2026-09-03T12:45:35+00:00","twitter_card":"summary_large_image","twitter_misc":{"Gesch\u00e4tzte Lesezeit":"1\u00a0Minute"},"schema":{"@context":"https:\/\/schema.org","@graph":[{"@type":"Article","@id":"https:\/\/cortensteel.hu\/fali-dekoraciok-corten-acelbol-haztartasi-muveszet-es-minimalista-design\/#article","isPartOf":{"@id":"https:\/\/cortensteel.hu\/fali-dekoraciok-corten-acelbol-haztartasi-muveszet-es-minimalista-design\/"},"author":{"name":"","@id":""},"headline":"Fali dekor\u00e1ci\u00f3k corten ac\u00e9lb\u00f3l: h\u00e1ztart\u00e1si m\u0171v\u00e9szet \u00e9s minimalista design","datePublished":"2026-09-03T12:45:35+00:00","mainEntityOfPage":{"@id":"https:\/\/cortensteel.hu\/fali-dekoraciok-corten-acelbol-haztartasi-muveszet-es-minimalista-design\/"},"wordCount":228,"commentCount":0,"publisher":{"@id":"https:\/\/cortensteel.hu\/#organization"},"articleSection":["Fali dekor\u00e1ci\u00f3k"],"inLanguage":"de","potentialAction":[{"@type":"CommentAction","name":"Comment","target":["https:\/\/cortensteel.hu\/fali-dekoraciok-corten-acelbol-haztartasi-muveszet-es-minimalista-design\/#respond"]}]},{"@type":"WebPage","@id":"https:\/\/cortensteel.hu\/fali-dekoraciok-corten-acelbol-haztartasi-muveszet-es-minimalista-design\/","url":"https:\/\/cortensteel.hu\/fali-dekoraciok-corten-acelbol-haztartasi-muveszet-es-minimalista-design\/","name":"Corten Ac\u00e9l Fali Dekor\u00e1ci\u00f3k | Technoline Homlokzatrendszer","isPartOf":{"@id":"https:\/\/cortensteel.hu\/#website"},"datePublished":"2026-09-03T12:45:35+00:00","description":"Pr\u00e9mium corten ac\u00e9l fali dekor\u00e1ci\u00f3k, egyedi m\u0171v\u00e9szeti \u00e9s minimalista design megold\u00e1sok. Id\u0151t\u00e1ll\u00f3, rozsdamint\u00e1s homlokzati elemek otthon\u00e1hoz.","breadcrumb":{"@id":"https:\/\/cortensteel.hu\/fali-dekoraciok-corten-acelbol-haztartasi-muveszet-es-minimalista-design\/#breadcrumb"},"inLanguage":"de","potentialAction":[{"@type":"ReadAction","target":["https:\/\/cortensteel.hu\/fali-dekoraciok-corten-acelbol-haztartasi-muveszet-es-minimalista-design\/"]}]},{"@type":"BreadcrumbList","@id":"https:\/\/cortensteel.hu\/fali-dekoraciok-corten-acelbol-haztartasi-muveszet-es-minimalista-design\/#breadcrumb","itemListElement":[{"@type":"ListItem","position":1,"name":"Kezd\u0151lap","item":"https:\/\/cortensteel.hu\/"},{"@type":"ListItem","position":2,"name":"Fali dekor\u00e1ci\u00f3k corten ac\u00e9lb\u00f3l: h\u00e1ztart\u00e1si m\u0171v\u00e9szet \u00e9s minimalista design"}]},{"@type":"WebSite","@id":"https:\/\/cortensteel.hu\/#website","url":"https:\/\/cortensteel.hu\/","name":"Technoline Homlokzatrendszer Kft.","description":"","publisher":{"@id":"https:\/\/cortensteel.hu\/#organization"},"potentialAction":[{"@type":"SearchAction","target":{"@type":"EntryPoint","urlTemplate":"https:\/\/cortensteel.hu\/?s={search_term_string}"},"query-input":{"@type":"PropertyValueSpecification","valueRequired":true,"valueName":"search_term_string"}}],"inLanguage":"de"},{"@type":"Organization","@id":"https:\/\/cortensteel.hu\/#organization","name":"Technoline Homlokzatrendszer Kft.","url":"https:\/\/cortensteel.hu\/","logo":{"@type":"ImageObject","inLanguage":"de","@id":"https:\/\/cortensteel.hu\/#\/schema\/logo\/image\/","url":"https:\/\/cortensteel.hu\/wp-content\/uploads\/2026\/09\/logo_cortensteel_hu.png","contentUrl":"https:\/\/cortensteel.hu\/wp-content\/uploads\/2026\/09\/logo_cortensteel_hu.png","width":2560,"height":2560,"caption":"Technoline Homlokzatrendszer Kft."},"image":{"@id":"https:\/\/cortensteel.hu\/#\/schema\/logo\/image\/"}}]}},"_links":{"self":[{"href":"https:\/\/cortensteel.hu\/de\/wp-json\/wp\/v2\/posts\/832","targetHints":{"allow":["GET"]}}],"collection":[{"href":"https:\/\/cortensteel.hu\/de\/wp-json\/wp\/v2\/posts"}],"about":[{"href":"https:\/\/cortensteel.hu\/de\/wp-json\/wp\/v2\/types\/post"}],"replies":[{"embeddable":true,"href":"https:\/\/cortensteel.hu\/de\/wp-json\/wp\/v2\/comments?post=832"}],"version-history":[{"count":0,"href":"https:\/\/cortensteel.hu\/de\/wp-json\/wp\/v2\/posts\/832\/revisions"}],"wp:attachment":[{"href":"https:\/\/cortensteel.hu\/de\/wp-json\/wp\/v2\/media?parent=832"}],"wp:term":[{"taxonomy":"category","embeddable":true,"href":"https:\/\/cortensteel.hu\/de\/wp-json\/wp\/v2\/categories?post=832"},{"taxonomy":"post_tag","embeddable":true,"href":"https:\/\/cortensteel.hu\/de\/wp-json\/wp\/v2\/tags?post=832"}],"curies":[{"name":"wp","href":"https:\/\/api.w.org\/{rel}","templated":true}]}}