{"id":831,"date":"2026-09-03T14:45:34","date_gmt":"2026-09-03T12:45:34","guid":{"rendered":"https:\/\/cortensteel.hu\/tuzrakok-es-kerti-sutok-corten-acelbol-ahol-a-stilus-talalkozik-a-funkcioval\/"},"modified":"2026-09-03T14:45:34","modified_gmt":"2026-09-03T12:45:34","slug":"tuzrakok-es-kerti-sutok-corten-acelbol-ahol-a-stilus-talalkozik-a-funkcioval","status":"publish","type":"post","link":"https:\/\/cortensteel.hu\/en\/tuzrakok-es-kerti-sutok-corten-acelbol-ahol-a-stilus-talalkozik-a-funkcioval\/","title":{"rendered":"T\u0171zrak\u00f3k \u00e9s kerti s\u00fct\u0151k corten ac\u00e9lb\u00f3l: ahol a st\u00edlus tal\u00e1lkozik a funkci\u00f3val"},"content":{"rendered":"<p>A kerti grillek \u00e9s t\u0171zrak\u00f3k a kert sz\u00edv\u00e9t jelentik, ahol a csal\u00e1d \u00e9s a bar\u00e1tok \u00f6sszej\u00f6nnek. Amikor corten ac\u00e9lb\u00f3l k\u00e9sz\u00fclnek, akkor azok t\u00f6bb mint csak kerti berendez\u00e9sek, val\u00f3di m\u0171v\u00e9szeti install\u00e1ci\u00f3v\u00e1 v\u00e1lnak. A Technoline egyedi corten t\u0171zrak\u00f3 \u00e9s s\u00fct\u0151 sz\u00e9ri\u00e1ja kifejezetten erre a c\u00e9lra lett m\u00e9retezve \u00e9s tervezve, hogy ellen\u00e1lljon a folyamatos h\u0151terhel\u00e9snek \u00e9s az id\u0151j\u00e1r\u00e1si viszontags\u00e1goknak. Az ac\u00e9l kiv\u00e1l\u00f3 h\u0151vezet\u0151 \u00e9s h\u0151tart\u00f3 tulajdons\u00e1gai biztos\u00edtj\u00e1k az optim\u00e1lis s\u00fct\u00e9si \u00e9s grillez\u00e9si felt\u00e9teleket. Az egyedi formatervez\u00e9snek k\u00f6sz\u00f6nhet\u0151en egy igazi design-s\u00fct\u0151 lehet az udvarunk d\u00edsze. Az ac\u00e9l patin\u00e1z\u00f3d\u00e1sa a h\u0151 alatt m\u00e9g karakteresebb \u00e9s vizu\u00e1lisan m\u00e9g vonz\u00f3bb lesz. A corten t\u0171zrak\u00f3k nem rozsd\u00e1sodnak, hossz\u00fa \u00e9veken kereszt\u00fcl egy csod\u00e1latos, bronzsz\u00edn\u0171 fel\u00fcletet mutatnak. Ezek a berendez\u00e9sek tulajdonk\u00e9ppen olyan kert-statement, amely a tulajdonos \u00edzl\u00e9s\u00e9nek \u00e9s \u00e9letst\u00edlus\u00e1nak kifejez\u0151je.<\/p>","protected":false},"excerpt":{"rendered":"<p>A corten ac\u00e9l t\u0171zrak\u00f3k \u00e9s kerti s\u00fct\u0151k ide\u00e1lis megold\u00e1st k\u00edn\u00e1lnak az outdoor \u00e9lm\u00e9nyek intenz\u00edv\u00e9 t\u00e9tel\u00e9hez. Az anyag h\u0151t\u0171r\u0151 k\u00e9pess\u00e9ge \u00e9s leny\u0171g\u00f6z\u0151 optikai hat\u00e1sa p\u00e1ratlan kombin\u00e1ci\u00f3t alkot.<\/p>","protected":false},"author":0,"featured_media":0,"comment_status":"open","ping_status":"open","sticky":false,"template":"","format":"standard","meta":{"footnotes":""},"categories":[25],"tags":[],"class_list":["post-831","post","type-post","status-publish","format-standard","hentry","category-tuzrakok-es-kerti-sutok"],"yoast_head":"<!-- This site is optimized with the Yoast SEO Premium plugin v28.1 (Yoast SEO v28.1) - https:\/\/yoast.com\/product\/yoast-seo-premium-wordpress\/ -->\n<title>Corten ac\u00e9l t\u0171zrak\u00f3k \u00e9s kerti s\u00fct\u0151k | Technoline<\/title>\n<meta name=\"description\" content=\"Pr\u00e9mium corten ac\u00e9l t\u0171zrak\u00f3k \u00e9s kerti s\u00fct\u0151k egyedi megold\u00e1sokkal. St\u00edlusos, funkcion\u00e1lis term\u00e9kek a Technoline Homlokzatrendszer Kft.-t\u0151l.\" \/>\n<meta name=\"robots\" content=\"index, follow, max-snippet:-1, max-image-preview:large, max-video-preview:-1\" \/>\n<link rel=\"canonical\" href=\"https:\/\/cortensteel.hu\/en\/tuzrakok-es-kerti-sutok-corten-acelbol-ahol-a-stilus-talalkozik-a-funkcioval\/\" \/>\n<meta property=\"og:locale\" content=\"en_US\" \/>\n<meta property=\"og:type\" content=\"article\" \/>\n<meta property=\"og:title\" content=\"T\u0171zrak\u00f3k \u00e9s kerti s\u00fct\u0151k corten ac\u00e9lb\u00f3l: ahol a st\u00edlus tal\u00e1lkozik a funkci\u00f3val\" \/>\n<meta property=\"og:description\" content=\"Pr\u00e9mium corten ac\u00e9l t\u0171zrak\u00f3k \u00e9s kerti s\u00fct\u0151k egyedi megold\u00e1sokkal. St\u00edlusos, funkcion\u00e1lis term\u00e9kek a Technoline Homlokzatrendszer Kft.-t\u0151l.\" \/>\n<meta property=\"og:url\" content=\"https:\/\/cortensteel.hu\/en\/tuzrakok-es-kerti-sutok-corten-acelbol-ahol-a-stilus-talalkozik-a-funkcioval\/\" \/>\n<meta property=\"og:site_name\" content=\"Technoline Homlokzatrendszer Kft.\" \/>\n<meta property=\"article:published_time\" content=\"2026-09-03T12:45:34+00:00\" \/>\n<meta name=\"twitter:card\" content=\"summary_large_image\" \/>\n<meta name=\"twitter:label1\" content=\"Est. reading time\" \/>\n\t<meta name=\"twitter:data1\" content=\"1 minute\" \/>\n<script type=\"application\/ld+json\" class=\"yoast-schema-graph\">{\"@context\":\"https:\\\/\\\/schema.org\",\"@graph\":[{\"@type\":\"Article\",\"@id\":\"https:\\\/\\\/cortensteel.hu\\\/tuzrakok-es-kerti-sutok-corten-acelbol-ahol-a-stilus-talalkozik-a-funkcioval\\\/#article\",\"isPartOf\":{\"@id\":\"https:\\\/\\\/cortensteel.hu\\\/tuzrakok-es-kerti-sutok-corten-acelbol-ahol-a-stilus-talalkozik-a-funkcioval\\\/\"},\"author\":{\"name\":\"\",\"@id\":\"\"},\"headline\":\"T\u0171zrak\u00f3k \u00e9s kerti s\u00fct\u0151k corten ac\u00e9lb\u00f3l: ahol a st\u00edlus tal\u00e1lkozik a funkci\u00f3val\",\"datePublished\":\"2026-09-03T12:45:34+00:00\",\"mainEntityOfPage\":{\"@id\":\"https:\\\/\\\/cortensteel.hu\\\/tuzrakok-es-kerti-sutok-corten-acelbol-ahol-a-stilus-talalkozik-a-funkcioval\\\/\"},\"wordCount\":213,\"commentCount\":0,\"publisher\":{\"@id\":\"https:\\\/\\\/cortensteel.hu\\\/#organization\"},\"articleSection\":[\"T\u0171zrakok \u00e9s kerti s\u00fct\u0151k\"],\"inLanguage\":\"en-US\",\"potentialAction\":[{\"@type\":\"CommentAction\",\"name\":\"Comment\",\"target\":[\"https:\\\/\\\/cortensteel.hu\\\/tuzrakok-es-kerti-sutok-corten-acelbol-ahol-a-stilus-talalkozik-a-funkcioval\\\/#respond\"]}]},{\"@type\":\"WebPage\",\"@id\":\"https:\\\/\\\/cortensteel.hu\\\/tuzrakok-es-kerti-sutok-corten-acelbol-ahol-a-stilus-talalkozik-a-funkcioval\\\/\",\"url\":\"https:\\\/\\\/cortensteel.hu\\\/tuzrakok-es-kerti-sutok-corten-acelbol-ahol-a-stilus-talalkozik-a-funkcioval\\\/\",\"name\":\"Corten ac\u00e9l t\u0171zrak\u00f3k \u00e9s kerti s\u00fct\u0151k | Technoline\",\"isPartOf\":{\"@id\":\"https:\\\/\\\/cortensteel.hu\\\/#website\"},\"datePublished\":\"2026-09-03T12:45:34+00:00\",\"description\":\"Pr\u00e9mium corten ac\u00e9l t\u0171zrak\u00f3k \u00e9s kerti s\u00fct\u0151k egyedi megold\u00e1sokkal. St\u00edlusos, funkcion\u00e1lis term\u00e9kek a Technoline Homlokzatrendszer Kft.-t\u0151l.\",\"breadcrumb\":{\"@id\":\"https:\\\/\\\/cortensteel.hu\\\/tuzrakok-es-kerti-sutok-corten-acelbol-ahol-a-stilus-talalkozik-a-funkcioval\\\/#breadcrumb\"},\"inLanguage\":\"en-US\",\"potentialAction\":[{\"@type\":\"ReadAction\",\"target\":[\"https:\\\/\\\/cortensteel.hu\\\/tuzrakok-es-kerti-sutok-corten-acelbol-ahol-a-stilus-talalkozik-a-funkcioval\\\/\"]}]},{\"@type\":\"BreadcrumbList\",\"@id\":\"https:\\\/\\\/cortensteel.hu\\\/tuzrakok-es-kerti-sutok-corten-acelbol-ahol-a-stilus-talalkozik-a-funkcioval\\\/#breadcrumb\",\"itemListElement\":[{\"@type\":\"ListItem\",\"position\":1,\"name\":\"Kezd\u0151lap\",\"item\":\"https:\\\/\\\/cortensteel.hu\\\/\"},{\"@type\":\"ListItem\",\"position\":2,\"name\":\"T\u0171zrak\u00f3k \u00e9s kerti s\u00fct\u0151k corten ac\u00e9lb\u00f3l: ahol a st\u00edlus tal\u00e1lkozik a funkci\u00f3val\"}]},{\"@type\":\"WebSite\",\"@id\":\"https:\\\/\\\/cortensteel.hu\\\/#website\",\"url\":\"https:\\\/\\\/cortensteel.hu\\\/\",\"name\":\"Technoline Homlokzatrendszer Kft.\",\"description\":\"\",\"publisher\":{\"@id\":\"https:\\\/\\\/cortensteel.hu\\\/#organization\"},\"potentialAction\":[{\"@type\":\"SearchAction\",\"target\":{\"@type\":\"EntryPoint\",\"urlTemplate\":\"https:\\\/\\\/cortensteel.hu\\\/?s={search_term_string}\"},\"query-input\":{\"@type\":\"PropertyValueSpecification\",\"valueRequired\":true,\"valueName\":\"search_term_string\"}}],\"inLanguage\":\"en-US\"},{\"@type\":\"Organization\",\"@id\":\"https:\\\/\\\/cortensteel.hu\\\/#organization\",\"name\":\"Technoline Homlokzatrendszer Kft.\",\"url\":\"https:\\\/\\\/cortensteel.hu\\\/\",\"logo\":{\"@type\":\"ImageObject\",\"inLanguage\":\"en-US\",\"@id\":\"https:\\\/\\\/cortensteel.hu\\\/#\\\/schema\\\/logo\\\/image\\\/\",\"url\":\"https:\\\/\\\/cortensteel.hu\\\/wp-content\\\/uploads\\\/2026\\\/09\\\/logo_cortensteel_hu.png\",\"contentUrl\":\"https:\\\/\\\/cortensteel.hu\\\/wp-content\\\/uploads\\\/2026\\\/09\\\/logo_cortensteel_hu.png\",\"width\":2560,\"height\":2560,\"caption\":\"Technoline Homlokzatrendszer Kft.\"},\"image\":{\"@id\":\"https:\\\/\\\/cortensteel.hu\\\/#\\\/schema\\\/logo\\\/image\\\/\"}}]}<\/script>\n<!-- \/ Yoast SEO Premium plugin. -->","yoast_head_json":{"title":"Corten ac\u00e9l t\u0171zrak\u00f3k \u00e9s kerti s\u00fct\u0151k | Technoline","description":"Pr\u00e9mium corten ac\u00e9l t\u0171zrak\u00f3k \u00e9s kerti s\u00fct\u0151k egyedi megold\u00e1sokkal. St\u00edlusos, funkcion\u00e1lis term\u00e9kek a Technoline Homlokzatrendszer Kft.-t\u0151l.","robots":{"index":"index","follow":"follow","max-snippet":"max-snippet:-1","max-image-preview":"max-image-preview:large","max-video-preview":"max-video-preview:-1"},"canonical":"https:\/\/cortensteel.hu\/en\/tuzrakok-es-kerti-sutok-corten-acelbol-ahol-a-stilus-talalkozik-a-funkcioval\/","og_locale":"en_US","og_type":"article","og_title":"T\u0171zrak\u00f3k \u00e9s kerti s\u00fct\u0151k corten ac\u00e9lb\u00f3l: ahol a st\u00edlus tal\u00e1lkozik a funkci\u00f3val","og_description":"Pr\u00e9mium corten ac\u00e9l t\u0171zrak\u00f3k \u00e9s kerti s\u00fct\u0151k egyedi megold\u00e1sokkal. St\u00edlusos, funkcion\u00e1lis term\u00e9kek a Technoline Homlokzatrendszer Kft.-t\u0151l.","og_url":"https:\/\/cortensteel.hu\/en\/tuzrakok-es-kerti-sutok-corten-acelbol-ahol-a-stilus-talalkozik-a-funkcioval\/","og_site_name":"Technoline Homlokzatrendszer Kft.","article_published_time":"2026-09-03T12:45:34+00:00","twitter_card":"summary_large_image","twitter_misc":{"Est. reading time":"1 minute"},"schema":{"@context":"https:\/\/schema.org","@graph":[{"@type":"Article","@id":"https:\/\/cortensteel.hu\/tuzrakok-es-kerti-sutok-corten-acelbol-ahol-a-stilus-talalkozik-a-funkcioval\/#article","isPartOf":{"@id":"https:\/\/cortensteel.hu\/tuzrakok-es-kerti-sutok-corten-acelbol-ahol-a-stilus-talalkozik-a-funkcioval\/"},"author":{"name":"","@id":""},"headline":"T\u0171zrak\u00f3k \u00e9s kerti s\u00fct\u0151k corten ac\u00e9lb\u00f3l: ahol a st\u00edlus tal\u00e1lkozik a funkci\u00f3val","datePublished":"2026-09-03T12:45:34+00:00","mainEntityOfPage":{"@id":"https:\/\/cortensteel.hu\/tuzrakok-es-kerti-sutok-corten-acelbol-ahol-a-stilus-talalkozik-a-funkcioval\/"},"wordCount":213,"commentCount":0,"publisher":{"@id":"https:\/\/cortensteel.hu\/#organization"},"articleSection":["T\u0171zrakok \u00e9s kerti s\u00fct\u0151k"],"inLanguage":"en-US","potentialAction":[{"@type":"CommentAction","name":"Comment","target":["https:\/\/cortensteel.hu\/tuzrakok-es-kerti-sutok-corten-acelbol-ahol-a-stilus-talalkozik-a-funkcioval\/#respond"]}]},{"@type":"WebPage","@id":"https:\/\/cortensteel.hu\/tuzrakok-es-kerti-sutok-corten-acelbol-ahol-a-stilus-talalkozik-a-funkcioval\/","url":"https:\/\/cortensteel.hu\/tuzrakok-es-kerti-sutok-corten-acelbol-ahol-a-stilus-talalkozik-a-funkcioval\/","name":"Corten ac\u00e9l t\u0171zrak\u00f3k \u00e9s kerti s\u00fct\u0151k | Technoline","isPartOf":{"@id":"https:\/\/cortensteel.hu\/#website"},"datePublished":"2026-09-03T12:45:34+00:00","description":"Pr\u00e9mium corten ac\u00e9l t\u0171zrak\u00f3k \u00e9s kerti s\u00fct\u0151k egyedi megold\u00e1sokkal. St\u00edlusos, funkcion\u00e1lis term\u00e9kek a Technoline Homlokzatrendszer Kft.-t\u0151l.","breadcrumb":{"@id":"https:\/\/cortensteel.hu\/tuzrakok-es-kerti-sutok-corten-acelbol-ahol-a-stilus-talalkozik-a-funkcioval\/#breadcrumb"},"inLanguage":"en-US","potentialAction":[{"@type":"ReadAction","target":["https:\/\/cortensteel.hu\/tuzrakok-es-kerti-sutok-corten-acelbol-ahol-a-stilus-talalkozik-a-funkcioval\/"]}]},{"@type":"BreadcrumbList","@id":"https:\/\/cortensteel.hu\/tuzrakok-es-kerti-sutok-corten-acelbol-ahol-a-stilus-talalkozik-a-funkcioval\/#breadcrumb","itemListElement":[{"@type":"ListItem","position":1,"name":"Kezd\u0151lap","item":"https:\/\/cortensteel.hu\/"},{"@type":"ListItem","position":2,"name":"T\u0171zrak\u00f3k \u00e9s kerti s\u00fct\u0151k corten ac\u00e9lb\u00f3l: ahol a st\u00edlus tal\u00e1lkozik a funkci\u00f3val"}]},{"@type":"WebSite","@id":"https:\/\/cortensteel.hu\/#website","url":"https:\/\/cortensteel.hu\/","name":"Technoline Homlokzatrendszer Kft.","description":"","publisher":{"@id":"https:\/\/cortensteel.hu\/#organization"},"potentialAction":[{"@type":"SearchAction","target":{"@type":"EntryPoint","urlTemplate":"https:\/\/cortensteel.hu\/?s={search_term_string}"},"query-input":{"@type":"PropertyValueSpecification","valueRequired":true,"valueName":"search_term_string"}}],"inLanguage":"en-US"},{"@type":"Organization","@id":"https:\/\/cortensteel.hu\/#organization","name":"Technoline Homlokzatrendszer Kft.","url":"https:\/\/cortensteel.hu\/","logo":{"@type":"ImageObject","inLanguage":"en-US","@id":"https:\/\/cortensteel.hu\/#\/schema\/logo\/image\/","url":"https:\/\/cortensteel.hu\/wp-content\/uploads\/2026\/09\/logo_cortensteel_hu.png","contentUrl":"https:\/\/cortensteel.hu\/wp-content\/uploads\/2026\/09\/logo_cortensteel_hu.png","width":2560,"height":2560,"caption":"Technoline Homlokzatrendszer Kft."},"image":{"@id":"https:\/\/cortensteel.hu\/#\/schema\/logo\/image\/"}}]}},"_links":{"self":[{"href":"https:\/\/cortensteel.hu\/en\/wp-json\/wp\/v2\/posts\/831","targetHints":{"allow":["GET"]}}],"collection":[{"href":"https:\/\/cortensteel.hu\/en\/wp-json\/wp\/v2\/posts"}],"about":[{"href":"https:\/\/cortensteel.hu\/en\/wp-json\/wp\/v2\/types\/post"}],"replies":[{"embeddable":true,"href":"https:\/\/cortensteel.hu\/en\/wp-json\/wp\/v2\/comments?post=831"}],"version-history":[{"count":0,"href":"https:\/\/cortensteel.hu\/en\/wp-json\/wp\/v2\/posts\/831\/revisions"}],"wp:attachment":[{"href":"https:\/\/cortensteel.hu\/en\/wp-json\/wp\/v2\/media?parent=831"}],"wp:term":[{"taxonomy":"category","embeddable":true,"href":"https:\/\/cortensteel.hu\/en\/wp-json\/wp\/v2\/categories?post=831"},{"taxonomy":"post_tag","embeddable":true,"href":"https:\/\/cortensteel.hu\/en\/wp-json\/wp\/v2\/tags?post=831"}],"curies":[{"name":"wp","href":"https:\/\/api.w.org\/{rel}","templated":true}]}}